{"id":1372,"date":"2026-03-10T16:11:33","date_gmt":"2026-03-10T16:11:33","guid":{"rendered":"https:\/\/youcheckinn.com\/?p=1372"},"modified":"2026-03-25T09:12:06","modified_gmt":"2026-03-25T09:12:06","slug":"marche-location-courte-duree-france","status":"publish","type":"post","link":"https:\/\/youcheckinn.com\/es\/marche-location-courte-duree-france\/","title":{"rendered":"El mercado del alquiler de corta duraci\u00f3n en Francia"},"content":{"rendered":"<figure class=\"wp-block-image size-large\"><img loading=\"lazy\" decoding=\"async\" width=\"1024\" height=\"1024\" src=\"https:\/\/youcheckinn.com\/wp-content\/uploads\/2026\/03\/35-1024x1024.png\" alt=\"\" class=\"wp-image-1386\"\/><\/figure>\n\n\n\n<p>El mercado del alquiler a corto plazo en Francia ya no es s\u00f3lo una tendencia, sino un verdadero punto de inflexi\u00f3n. Hace diez a\u00f1os, el alquiler a corto plazo era a menudo un \u201cextra\u201d, una forma de llegar a fin de mes.<\/p>\n\n\n\n<p>En 2024, este mismo mercado representar\u00e1 :<\/p>\n\n\n\n<p>- 192 millones de pernoctaciones reservadas<br>- 43.000 millones de euros generados<br>- M\u00e1s de un mill\u00f3n de viviendas en oferta<br>- 81 % de municipios franceses afectados<\/p>\n\n\n\n<p>Ya no hablamos de una tendencia, sino de un mercado establecido, estructurado y exigente. Se nota sobre el terreno. Los propietarios ya no son simples arrendadores, sino que gestionan su negocio, y los viajeros prestan atenci\u00f3n al m\u00e1s m\u00ednimo detalle.<\/p>\n\n\n\n<p>A menudo, todo se reduce a algo muy concreto: el estado de la propiedad. Una duda, un malentendido, un dep\u00f3sito bloqueado y la experiencia puede complicarse r\u00e1pidamente.YouCheckInn se cre\u00f3 para hacer frente a estos retos.<\/p>\n\n\n\n<p>Los propietarios que se enfrentan a estas situaciones se han asociado con especialistas en internet y blockchain para ofrecer mayor claridad y seguridad.<\/p>\n\n\n\n<p>La idea es sencilla: asegurar y certificar los inventarios de locales para evitar zonas grises.<\/p>\n\n\n\n<p>\u00bfResultados? Menos tensiones y m\u00e1s confianza. <\/p>\n\n\n\n<p>#S ShortTermRental #Immobilier #Propri\u00e9taires #ExperienceVoyageur #YouCheckInn<\/p>\n\n\n\n<p><\/p>\n\n\n\n<figure class=\"wp-block-gallery has-nested-images columns-default is-cropped wp-block-gallery-1 is-layout-flex wp-block-gallery-is-layout-flex\">\n<figure class=\"wp-block-image size-large\"><img loading=\"lazy\" decoding=\"async\" width=\"1024\" height=\"1024\" data-id=\"1385\" src=\"https:\/\/youcheckinn.com\/wp-content\/uploads\/2026\/03\/32-1024x1024.png\" alt=\"\" class=\"wp-image-1385\"\/><\/figure>\n\n\n\n<figure class=\"wp-block-image size-large\"><img loading=\"lazy\" decoding=\"async\" width=\"1024\" height=\"1024\" data-id=\"1388\" src=\"https:\/\/youcheckinn.com\/wp-content\/uploads\/2026\/03\/33-1024x1024.png\" alt=\"\" class=\"wp-image-1388\"\/><\/figure>\n\n\n\n<figure class=\"wp-block-image size-large\"><img loading=\"lazy\" decoding=\"async\" width=\"1024\" height=\"1024\" data-id=\"1387\" src=\"https:\/\/youcheckinn.com\/wp-content\/uploads\/2026\/03\/34-1024x1024.png\" alt=\"\" class=\"wp-image-1387\"\/><\/figure>\n<\/figure>","protected":false},"excerpt":{"rendered":"<p>Le march\u00e9 des locations courte dur\u00e9e en France, ce n\u2019est plus une simple tendance mais un vrai tournant. Il y a dix ans, la location courte dur\u00e9e, c\u2019\u00e9tait souvent un \u201cbonus\u201d, un moyen d\u2019arrondir les fins de mois. En 2024, ce m\u00eame march\u00e9 repr\u00e9sente : \u2022 192 millions de nuit\u00e9es r\u00e9serv\u00e9es\u2022 43 milliards d\u2019euros g\u00e9n\u00e9r\u00e9s\u2022 [&hellip;]<\/p>\n","protected":false},"author":19,"featured_media":0,"comment_status":"closed","ping_status":"closed","sticky":false,"template":"","format":"standard","meta":{"_acf_changed":false,"_et_pb_use_builder":"","_et_pb_old_content":"","_et_gb_content_width":"","footnotes":""},"categories":[1],"tags":[],"class_list":["post-1372","post","type-post","status-publish","format-standard","hentry","category-uncategorized"],"acf":[],"_links":{"self":[{"href":"https:\/\/youcheckinn.com\/es\/wp-json\/wp\/v2\/posts\/1372","targetHints":{"allow":["GET"]}}],"collection":[{"href":"https:\/\/youcheckinn.com\/es\/wp-json\/wp\/v2\/posts"}],"about":[{"href":"https:\/\/youcheckinn.com\/es\/wp-json\/wp\/v2\/types\/post"}],"author":[{"embeddable":true,"href":"https:\/\/youcheckinn.com\/es\/wp-json\/wp\/v2\/users\/19"}],"replies":[{"embeddable":true,"href":"https:\/\/youcheckinn.com\/es\/wp-json\/wp\/v2\/comments?post=1372"}],"version-history":[{"count":3,"href":"https:\/\/youcheckinn.com\/es\/wp-json\/wp\/v2\/posts\/1372\/revisions"}],"predecessor-version":[{"id":1405,"href":"https:\/\/youcheckinn.com\/es\/wp-json\/wp\/v2\/posts\/1372\/revisions\/1405"}],"wp:attachment":[{"href":"https:\/\/youcheckinn.com\/es\/wp-json\/wp\/v2\/media?parent=1372"}],"wp:term":[{"taxonomy":"category","embeddable":true,"href":"https:\/\/youcheckinn.com\/es\/wp-json\/wp\/v2\/categories?post=1372"},{"taxonomy":"post_tag","embeddable":true,"href":"https:\/\/youcheckinn.com\/es\/wp-json\/wp\/v2\/tags?post=1372"}],"curies":[{"name":"wp","href":"https:\/\/api.w.org\/{rel}","templated":true}]}}